{"component": "clause", "props": {"groups": [{"snippet": "El complemento denominado de Convenio se devengar\u00e1 por cada d\u00eda efectivamente trabajado, en jornada normal, con el rendimiento normal y correcto, en la cuant\u00eda que para cada grupo figure en las tablas de los Convenios de \u00e1mbito inferior.", "snippet_links": [{"key": "jornada-normal", "type": "clause", "offset": [92, 106]}, {"key": "rendimiento-normal", "type": "clause", "offset": [115, 133]}, {"key": "de-los", "type": "clause", "offset": [201, 207]}, {"key": "convenios-de-\u00e1mbito-inferior", "type": "clause", "offset": [208, 236]}], "samples": [{"hash": "5rKe2MEXyLy", "uri": "/es/contracts/5rKe2MEXyLy#complemento-de-convenio", "label": "Viii Convenio Colectivo General Del Sector De Derivados Del Cemento", "score": 34.2489943859, "published": true}, {"hash": "99ovY9cIAKe", "uri": "/es/contracts/99ovY9cIAKe#complemento-de-convenio", "label": "V Convenio Colectivo General Del Sector De Derivados Del Cemento", "score": 31.3390373502, "published": true}, {"hash": "e0uTZDA7zrh", "uri": "/es/contracts/e0uTZDA7zrh#complemento-de-convenio", "label": "Convenio Colectivo", "score": 24.7508555784, "published": true}], "size": 6, "hash": "2098af64f8ed0eafb29a252b6c75eb5e", "id": 1}, {"snippet": "Este complemento se compondr\u00e1 por la diferencia entre la extinta paga de productividad establecida en el I Convenio y los valores consolidados de la citada paga de productividad en las tablas \u2587\u2587 \u2587\u2587\u2587\u2587\u2587\u2587\u2587 base en t\u00e9rminos anuales. El valor resultante se abonar\u00e1 en catorce mensualidades. En el Anexo 1 se incorpora la tabla con los importes mensuales por este concepto. Este concepto es aplicable a las personas que estuvieran de alta con anterioridad al 1 de enero de 2014.", "snippet_links": [{"key": "paga-de-productividad", "type": "clause", "offset": [65, 86]}, {"key": "de-la", "type": "clause", "offset": [143, 148]}, {"key": "anexo-1", "type": "definition", "offset": [292, 299]}], "samples": [{"hash": "kcE7XXJofZ1", "uri": "/es/contracts/kcE7XXJofZ1#complemento-de-convenio", "label": "Convenio Colectivo", "score": 34.4039221428, "published": true}], "size": 2, "hash": "a4df70174e50d1a31c7295477b41ef4e", "id": 2}, {"snippet": "Es el conjunto de complementos salariales que por unidad de tiempo venga establecido en el presente Convenio. (Anexo IV). El complemento denominado de Convenio se devengar\u00e1 por cada d\u00eda efectivamente trabajado, en jornada normal, con el ren- dimiento normal y correcto en la cuant\u00eda que para cada nivel o", "snippet_links": [{"key": "complementos-salariales", "type": "definition", "offset": [18, 41]}, {"key": "jornada-normal", "type": "clause", "offset": [214, 228]}], "samples": [{"hash": "dilv3YUEwnn", "uri": "/es/contracts/dilv3YUEwnn#complemento-de-convenio", "label": "Convenio Colectivo Provincial De Derivados Del Cemento", "score": 24.1704312115, "published": true}], "size": 2, "hash": "ccf500d04baac579ac42d78ad227a0e1", "id": 3}, {"snippet": "1. Este complemento salarial tendr\u00e1 la cuant\u00eda que se determina en la columna segunda de la Tabla Salarial para cada grupo.\n2. Se concede este complemento por jornada normal efectivamente trabajada y se abonar\u00e1 al percibirse los jornales.", "snippet_links": [{"key": "complemento-salarial", "type": "clause", "offset": [8, 28]}, {"key": "de-la", "type": "clause", "offset": [86, 91]}, {"key": "tabla-salarial", "type": "clause", "offset": [92, 106]}, {"key": "jornada-normal", "type": "clause", "offset": [159, 173]}], "samples": [{"hash": "bk268VuitN4", "uri": "/es/contracts/bk268VuitN4#complemento-de-convenio", "label": "Convenio Colectivo De Trabajo", "score": 23.1704312115, "published": true}], "size": 1, "hash": "ed0759082a83f43792cc2fa1d304ffcb", "id": 4}, {"snippet": "El complemento denominado de convenio se devengar\u00e1 por cada d\u00eda efectivamente trabajado, en jornada normal, con el rendimiento normal y correcto. Las empresas abonar\u00e1n un plus con esta denominaci\u00f3n en las cuant\u00edas que para cada nivel se especifican en el \u201cAnexo I\u201d. Se entiende, a efectos de abono de este plus, el s\u00e1bado como d\u00eda laborable, pues si bien queda determinado en el apartado correspon- diente que la distribuci\u00f3n de la jornada de trabajo se realiza de forma que no se trabaje este d\u00eda, lo cierto es que ello es as\u00ed porque el s\u00e1bado se recuperar\u00eda durante el resto de la semana. Por su car\u00e1cter este plus no se computar\u00e1 en festivos, gratificacio- nes extraordinarias ni horas extraordinarias, pero s\u00ed en las vacaciones, tal como se indica al hablar de las mismas.", "snippet_links": [{"key": "jornada-normal", "type": "clause", "offset": [92, 106]}, {"key": "rendimiento-normal", "type": "clause", "offset": [115, 133]}, {"key": "d\u00eda-laborable", "type": "definition", "offset": [327, 340]}, {"key": "distribuci\u00f3n-de-la-jornada-de-trabajo", "type": "clause", "offset": [413, 450]}, {"key": "de-forma", "type": "clause", "offset": [462, 470]}, {"key": "horas-extraordinarias", "type": "clause", "offset": [683, 704]}], "samples": [{"hash": "g0E1Tg0h771", "uri": "/es/contracts/g0E1Tg0h771#complemento-de-convenio", "label": "Convenio Colectivo", "score": 24.1704312115, "published": true}], "size": 1, "hash": "422a6af34750fb97572c87d6d8f84ee3", "id": 5}, {"snippet": "Este complemento se compondr\u00e1 por la diferencia entre la extinta paga de productividad establecida en el anterior convenio, y los valores consolidados de la citada paga de productividad en las tablas \u2587\u2587 \u2587\u2587\u2587\u2587\u2587\u2587\u2587 base, en t\u00e9rminos anuales. El valor resultante se abonar\u00e1 en catorce mensualidades. Cada trabajador percibir\u00e1 la cuant\u00eda de complemento que le corresponda en funci\u00f3n del nivel econ\u00f3mico de complementos que hubiera detentado en el I convenio CRTVE. Se adjunta tabla con los importes mensuales consolidados por este concepto en relaci\u00f3n con los niveles de complementos suprimidos en el presente convenio: Este complemento afectar\u00e1 tan solo a los trabajadores de alta o asimilaci\u00f3n de alta a la fecha de entrada en vigor del presente convenio colectivo. Su aplicaci\u00f3n ser\u00e1 a partir del 1 de enero de 2014.", "snippet_links": [{"key": "paga-de-productividad", "type": "clause", "offset": [65, 86]}, {"key": "de-la", "type": "clause", "offset": [151, 156]}, {"key": "fecha-de-entrada-en-vigor", "type": "definition", "offset": [703, 728]}, {"key": "convenio-colectivo", "type": "definition", "offset": [742, 760]}], "samples": [{"hash": "eh0j7ZV2YLF", "uri": "/es/contracts/eh0j7ZV2YLF#complemento-de-convenio", "label": "Ii Convenio Colectivo De La Corporaci\u00f3n Rtve", "score": 24.1704312115, "published": true}], "size": 1, "hash": "320f4cacae981d7a4b9b2f344fa094e6", "id": 6}, {"snippet": "Con esta denominaci\u00f3n se establece un concepto de cuant\u00eda fija mensual que percibir\u00e1 todo el personal laboral incluido en el \u00e1mbito de aplicaci\u00f3n de este convenio y cuyo importe es el establecido en el Anexo II.C para cada uno de los diferentes grupos y niveles de clasificaci\u00f3n existentes.", "snippet_links": [{"key": "personal-laboral", "type": "clause", "offset": [93, 109]}, {"key": "\u00e1mbito-de-aplicaci\u00f3n", "type": "clause", "offset": [125, 145]}, {"key": "de-los", "type": "clause", "offset": [227, 233]}, {"key": "de-clasificaci\u00f3n", "type": "clause", "offset": [262, 278]}], "samples": [{"hash": "8aLT9v9I860", "uri": "/es/contracts/8aLT9v9I860#complemento-de-convenio", "label": "Convenio Colectivo De Trabajo", "score": 29.3390373502, "published": true}], "size": 1, "hash": "db3abc9b0f2d481fbd0022f63e14a491", "id": 7}, {"snippet": "Todos los trabajadores afectados por este Convenio, percibir\u00e1n un complemento de convenio de car\u00e1cter consolidable y cuya cuant\u00eda para cada una de los niveles salariales se determina en el anexo salarial.", "snippet_links": [{"key": "de-los", "type": "clause", "offset": [144, 150]}, {"key": "niveles-salariales", "type": "clause", "offset": [151, 169]}], "samples": [{"hash": "c84UwxtgV24", "uri": "/es/contracts/c84UwxtgV24#complemento-de-convenio", "label": "Convenio Colectivo Del Sector Oficinas De Colegios Profesionales De La Regi\u00f3n De Murcia", "score": 22.6954140999, "published": true}], "size": 1, "hash": "8e5d1b6708d71c8574e3f2448b78ce55", "id": 8}, {"snippet": "Se establece un complemento de convenio que se abonar\u00e1 al personal afectado por el presente convenio, independientemente de su categor\u00eda profesional, consistente en 36,84 euros. Su abono se realiza mensualmente, y en proporci\u00f3n a la jornada laboral realizada, teniendo para ello como referencia la establecida en el art\u00edculo 9 del presente convenio.", "snippet_links": [{"key": "personal-afectado", "type": "clause", "offset": [58, 75]}, {"key": "categor\u00eda-profesional", "type": "clause", "offset": [127, 148]}, {"key": "jornada-laboral", "type": "clause", "offset": [233, 248]}], "samples": [{"hash": "ffhwNhVpYYt", "uri": "/es/contracts/ffhwNhVpYYt#complemento-de-convenio", "label": "Convenio Colectivo", "score": 19.0, "published": true}], "size": 1, "hash": "7bafb7493a4863d459fc0980952af337", "id": 9}, {"snippet": "Este complemento retribuye las caracter\u00edsticas espec\u00edficas del puesto de trabajo que desempe\u00f1e cada trabajador y la aceptaci\u00f3n de la movilidad funcional, de acuerdo con lo establecido en los art\u00edcu- los 39 y 41 del Estatuto de los Trabajadores. Su importe figura en el anexo I, tabla II, y comprende la totalidad de las percepciones que por este concepto venga obligada la Empresa a remunerar entre los cuales se incluye expresamente lo que pudiese corresponder du- rante la vigencia de este Convenio en concepto de plus de penosidad, toxicidad y peligrosidad. Se percibir\u00e1 por hora normal trabajada, permisos retribuidos y en vacaciones, de acuerdo con la f\u00f3rmula de c\u00e1lculo que figura en los art\u00edculos que a ellas se refieren.", "snippet_links": [{"key": "caracter\u00edsticas-espec\u00edficas", "type": "clause", "offset": [31, 58]}, {"key": "puesto-de-trabajo", "type": "definition", "offset": [63, 80]}, {"key": "de-la", "type": "clause", "offset": [127, 132]}, {"key": "movilidad-funcional", "type": "clause", "offset": [133, 152]}, {"key": "estatuto-de-los-trabajadores", "type": "clause", "offset": [215, 243]}, {"key": "la-empresa", "type": "definition", "offset": [370, 380]}, {"key": "plus-de-penosidad", "type": "clause", "offset": [516, 533]}, {"key": "hora-normal", "type": "definition", "offset": [578, 589]}, {"key": "permisos-retribuidos", "type": "clause", "offset": [601, 621]}, {"key": "los-art\u00edculos", "type": "clause", "offset": [690, 703]}], "samples": [{"hash": "6hR4zdB0l5R", "uri": "/es/contracts/6hR4zdB0l5R#complemento-de-convenio", "label": "Convenio Colectivo De Trabajo", "score": 29.3390373502, "published": true}], "size": 1, "hash": "c79ba8284bddb7d8359b6fac35b8251e", "id": 10}], "next_curs": "CmASWmoVc35sYXdpbnNpZGVyY29udHJhY3RzcjwLEhZDbGF1c2VTbmlwcGV0R3JvdXBfdjU2IiBjb21wbGVtZW50by1kZS1jb252ZW5pbyMwMDAwMDAwYQyiAQJlcxgAIAA=", "clause": {"children": [], "title": "Complemento de convenio", "size": 20, "parents": [["estructura-y-\u00e1mbitos-de-negociaci\u00f3n", "Estructura Y \u00c1mbitos De Negociaci\u00f3n"], ["tabla-de-remuneraciones-econ\u00f3micas-m\u00ednimas-niveles-a\u00f1o-2007", "TABLA DE REMUNERACIONES ECON\u00d3MICAS M\u00cdNIMAS (NIVELES) A\u00d1O 2007"], ["\u00e1mbito-aplicaci\u00f3n-y-vigencia", "\u00c1mbito Aplicaci\u00f3n Y Vigencia"]], "id": "complemento-de-convenio", "related": [["complemento-de-nocturnidad", "Complemento de nocturnidad", "Complemento de nocturnidad"], ["complementos-de-puesto-de-trabajo", "Complementos de puesto de trabajo", "Complementos de puesto de trabajo"], ["objeto-del-convenio", "OBJETO DEL CONVENIO", "OBJETO DEL CONVENIO"], ["complemento-de-antig\u00fcedad", "Complemento de antig\u00fcedad", "Complemento de antig\u00fcedad"], ["documentos-complementarios", "Documentos complementarios", "Documentos complementarios"]], "related_snippets": [], "updated": "2025-07-07T12:37:48+00:00"}, "json": true, "cursor": ""}}